{"id":24648,"global_id":"www.cafelapalma.com\/en?id=24648","global_id_lineage":["www.cafelapalma.com\/en?id=24648"],"author":"2","status":"publish","date":"2022-09-15 16:39:55","date_utc":"2022-09-15 14:39:55","modified":"2022-09-15 16:40:02","modified_utc":"2022-09-15 14:40:02","url":"https:\/\/www.cafelapalma.com\/en\/programacion\/himmel-kollektiv\/","rest_url":"https:\/\/www.cafelapalma.com\/en\/wp-json\/tribe\/events\/v1\/events\/24648","title":"HIMMEL KOLLEKTIV","description":"<div  class=\"tribe-events-schedule tribe-clearfix\" >\n\t<p class=\"tribe-events-schedule__datetime\">\n\t\t<span class=\"tribe-events-schedule__date tribe-events-schedule__date--start\">\n\t\t\t\t\t<\/span>\n\n\t\t\t\t\t<span class=\"tribe-events-schedule__separator tribe-events-schedule__separator--date\">\n\t\t\t\t@\t\t\t<\/span>\n\t\t\t<span class=\"tribe-events-schedule__time tribe-events-schedule__time--start\">\n\t\t\t\t\t\t\t<\/span>\n\t\t\n\t\t\t<\/p>\n<\/div>\n\n\n<div  class=\"tribe-block tribe-block__event-price\" >\n\t\t\t\t<span class=\"tribe-block__event-price__description\">+ gg Anticipada | 11\u20ac Taquilla de 00:00 a 02:00 + UNA COPA o DOS DOBLES  | 13\u20ac Taquilla de 02:00 a 06:00 + CONSUMICI\u00d3N<\/span>\n\t<\/div>\n\n\n\n<div style=\"height:100px\" aria-hidden=\"true\" class=\"wp-block-spacer\"><\/div>\n\n\n\n<div class=\"wp-block-columns is-layout-flex wp-container-core-columns-is-layout-9d6595d7 wp-block-columns-is-layout-flex\">\n<div class=\"wp-block-column is-layout-flow wp-block-column-is-layout-flow\" style=\"flex-basis:33.33%\">\n<figure class=\"wp-block-image size-full\"><img loading=\"lazy\" decoding=\"async\" width=\"297\" height=\"420\" src=\"https:\/\/www.cafelapalma.com\/wp-content\/uploads\/2022\/09\/HIMMEL-A3.jpg\" alt=\"\" class=\"wp-image-24649\" srcset=\"https:\/\/www.cafelapalma.com\/wp-content\/uploads\/2022\/09\/HIMMEL-A3.jpg 297w, https:\/\/www.cafelapalma.com\/wp-content\/uploads\/2022\/09\/HIMMEL-A3-212x300.jpg 212w, https:\/\/www.cafelapalma.com\/wp-content\/uploads\/2022\/09\/HIMMEL-A3-42x60.jpg 42w\" sizes=\"auto, (max-width: 297px) 100vw, 297px\" \/><\/figure>\n\n\n<\/div>\n\n\n\n<div class=\"wp-block-column is-layout-flow wp-block-column-is-layout-flow\" style=\"flex-basis:66.66%\">\n<div style=\"height:100px\" aria-hidden=\"true\" class=\"wp-block-spacer\"><\/div>\n\n\n\n<p class=\"has-text-align-left\">Madriz es m\u00fasica. Todo el mundo va de aqu\u00ed para all\u00e1 con sus auriculares escupiendo m\u00fasica. Los equipos de sonido de los coches resuenan en cada sem\u00e1foro. De las ventanas de las casas salen canciones que cantan sus vecinos. Es fin de semana y quieres bailar. Subir al cielo por unas horas.<\/p>\n\n\n\n<p class=\"has-text-align-left\"><strong>HIMMEL KOLLEKTIV<\/strong> se presenta en <strong>CAFE LA PALMA<\/strong> con los beats atronadores de <strong>Denim Denom<\/strong>, <strong>Yanz<\/strong>, <strong>Hoax Believers<\/strong> y <strong>Lana Saints<\/strong>.<\/p>\n\n\n\n<p class=\"has-text-align-left\">La noche es nuestra; el d\u00eda, de lxs dem\u00e1s.<\/p>\n<\/div>\n<\/div>\n\n\n\n<div style=\"height:100px\" aria-hidden=\"true\" class=\"wp-block-spacer\"><\/div>\n\n\n\n<hr class=\"wp-block-separator has-alpha-channel-opacity is-style-wide\"\/>\n\n\n\n<div style=\"height:100px\" aria-hidden=\"true\" class=\"wp-block-spacer\"><\/div>","excerpt":"","slug":"himmel-kollektiv","image":{"url":"https:\/\/www.cafelapalma.com\/wp-content\/uploads\/2022\/09\/HIMMEL-FRONT.jpg","id":24650,"extension":"jpg","width":240,"height":240,"filesize":45688,"sizes":{"thumbnail":{"width":150,"height":150,"mime-type":"image\/jpeg","filesize":32685,"url":"https:\/\/www.cafelapalma.com\/wp-content\/uploads\/2022\/09\/HIMMEL-FRONT-150x150.jpg"},"blossom-feminine-related":{"width":240,"height":200,"mime-type":"image\/jpeg","filesize":38995,"url":"https:\/\/www.cafelapalma.com\/wp-content\/uploads\/2022\/09\/HIMMEL-FRONT-240x200.jpg"},"blossom-feminine-schema":{"width":60,"height":60,"mime-type":"image\/jpeg","filesize":29109,"url":"https:\/\/www.cafelapalma.com\/wp-content\/uploads\/2022\/09\/HIMMEL-FRONT-60x60.jpg"}}},"all_day":false,"start_date":"2022-10-08 23:50:00","start_date_details":{"year":"2022","month":"10","day":"08","hour":"23","minutes":"50","seconds":"00"},"end_date":"2022-10-08 23:55:00","end_date_details":{"year":"2022","month":"10","day":"08","hour":"23","minutes":"55","seconds":"00"},"utc_start_date":"2022-10-08 21:50:00","utc_start_date_details":{"year":"2022","month":"10","day":"08","hour":"21","minutes":"50","seconds":"00"},"utc_end_date":"2022-10-08 21:55:00","utc_end_date_details":{"year":"2022","month":"10","day":"08","hour":"21","minutes":"55","seconds":"00"},"timezone":"Europe\/Madrid","timezone_abbr":"","cost":"9\u20ac","cost_details":{"currency_symbol":"\u20ac","currency_code":"","currency_position":"suffix","values":["9"]},"website":"https:\/\/link.dice.fm\/s94100621b80","show_map":false,"show_map_link":false,"hide_from_listings":false,"sticky":true,"featured":true,"categories":[{"name":"Clubbing","slug":"clubbing","term_group":0,"term_taxonomy_id":8964,"taxonomy":"tribe_events_cat","description":"","parent":0,"count":656,"filter":"raw","id":8964,"urls":{"self":"https:\/\/www.cafelapalma.com\/en\/wp-json\/tribe\/events\/v1\/categories\/8964","collection":"https:\/\/www.cafelapalma.com\/en\/wp-json\/tribe\/events\/v1\/categories"}}],"tags":[{"name":"Caf\u00e9 la Palma","slug":"cafe-la-palma","term_group":0,"term_taxonomy_id":79,"taxonomy":"post_tag","description":"","parent":0,"count":1499,"filter":"raw","id":1363,"urls":{"self":"https:\/\/www.cafelapalma.com\/en\/wp-json\/tribe\/events\/v1\/tags\/1363","collection":"https:\/\/www.cafelapalma.com\/en\/wp-json\/tribe\/events\/v1\/tags"}},{"name":"cafe la palma","slug":"cafe-la-palma-2","term_group":0,"term_taxonomy_id":8869,"taxonomy":"post_tag","description":"","parent":0,"count":935,"filter":"raw","id":8869,"urls":{"self":"https:\/\/www.cafelapalma.com\/en\/wp-json\/tribe\/events\/v1\/tags\/8869","collection":"https:\/\/www.cafelapalma.com\/en\/wp-json\/tribe\/events\/v1\/tags"}},{"name":"Cafe La Palma Clubbing","slug":"cafe-la-palma-clubbing","term_group":0,"term_taxonomy_id":9225,"taxonomy":"post_tag","description":"","parent":0,"count":637,"filter":"raw","id":9225,"urls":{"self":"https:\/\/www.cafelapalma.com\/en\/wp-json\/tribe\/events\/v1\/tags\/9225","collection":"https:\/\/www.cafelapalma.com\/en\/wp-json\/tribe\/events\/v1\/tags"}},{"name":"Denim Denom","slug":"denim-denom","term_group":0,"term_taxonomy_id":12282,"taxonomy":"post_tag","description":"","parent":0,"count":1,"filter":"raw","id":12282,"urls":{"self":"https:\/\/www.cafelapalma.com\/en\/wp-json\/tribe\/events\/v1\/tags\/12282","collection":"https:\/\/www.cafelapalma.com\/en\/wp-json\/tribe\/events\/v1\/tags"}},{"name":"Djs MAdrid","slug":"djs-madrid","term_group":0,"term_taxonomy_id":9226,"taxonomy":"post_tag","description":"","parent":0,"count":622,"filter":"raw","id":9226,"urls":{"self":"https:\/\/www.cafelapalma.com\/en\/wp-json\/tribe\/events\/v1\/tags\/9226","collection":"https:\/\/www.cafelapalma.com\/en\/wp-json\/tribe\/events\/v1\/tags"}},{"name":"Djs Malasa\u00f1a","slug":"djs-malasana","term_group":0,"term_taxonomy_id":9227,"taxonomy":"post_tag","description":"","parent":0,"count":634,"filter":"raw","id":9227,"urls":{"self":"https:\/\/www.cafelapalma.com\/en\/wp-json\/tribe\/events\/v1\/tags\/9227","collection":"https:\/\/www.cafelapalma.com\/en\/wp-json\/tribe\/events\/v1\/tags"}},{"name":"Electr\u00f3nica","slug":"electronica","term_group":0,"term_taxonomy_id":149,"taxonomy":"post_tag","description":"","parent":0,"count":641,"filter":"raw","id":1357,"urls":{"self":"https:\/\/www.cafelapalma.com\/en\/wp-json\/tribe\/events\/v1\/tags\/1357","collection":"https:\/\/www.cafelapalma.com\/en\/wp-json\/tribe\/events\/v1\/tags"}},{"name":"Himmel Kollektiv","slug":"himmel-kollektiv","term_group":0,"term_taxonomy_id":12281,"taxonomy":"post_tag","description":"","parent":0,"count":1,"filter":"raw","id":12281,"urls":{"self":"https:\/\/www.cafelapalma.com\/en\/wp-json\/tribe\/events\/v1\/tags\/12281","collection":"https:\/\/www.cafelapalma.com\/en\/wp-json\/tribe\/events\/v1\/tags"}},{"name":"Hoax Believers","slug":"hoax-believers","term_group":0,"term_taxonomy_id":12283,"taxonomy":"post_tag","description":"","parent":0,"count":1,"filter":"raw","id":12283,"urls":{"self":"https:\/\/www.cafelapalma.com\/en\/wp-json\/tribe\/events\/v1\/tags\/12283","collection":"https:\/\/www.cafelapalma.com\/en\/wp-json\/tribe\/events\/v1\/tags"}},{"name":"House","slug":"house","term_group":0,"term_taxonomy_id":9309,"taxonomy":"post_tag","description":"","parent":0,"count":375,"filter":"raw","id":9309,"urls":{"self":"https:\/\/www.cafelapalma.com\/en\/wp-json\/tribe\/events\/v1\/tags\/9309","collection":"https:\/\/www.cafelapalma.com\/en\/wp-json\/tribe\/events\/v1\/tags"}},{"name":"Lana Saints","slug":"lana-saints","term_group":0,"term_taxonomy_id":12284,"taxonomy":"post_tag","description":"","parent":0,"count":1,"filter":"raw","id":12284,"urls":{"self":"https:\/\/www.cafelapalma.com\/en\/wp-json\/tribe\/events\/v1\/tags\/12284","collection":"https:\/\/www.cafelapalma.com\/en\/wp-json\/tribe\/events\/v1\/tags"}},{"name":"Techno","slug":"techno","term_group":0,"term_taxonomy_id":811,"taxonomy":"post_tag","description":"","parent":0,"count":176,"filter":"raw","id":776,"urls":{"self":"https:\/\/www.cafelapalma.com\/en\/wp-json\/tribe\/events\/v1\/tags\/776","collection":"https:\/\/www.cafelapalma.com\/en\/wp-json\/tribe\/events\/v1\/tags"}},{"name":"Yanz","slug":"yanz","term_group":0,"term_taxonomy_id":11774,"taxonomy":"post_tag","description":"","parent":0,"count":2,"filter":"raw","id":11774,"urls":{"self":"https:\/\/www.cafelapalma.com\/en\/wp-json\/tribe\/events\/v1\/tags\/11774","collection":"https:\/\/www.cafelapalma.com\/en\/wp-json\/tribe\/events\/v1\/tags"}}],"venue":[],"organizer":[],"custom_fields":[],"json_ld":{"@context":"http:\/\/schema.org","@type":"Event","name":"HIMMEL KOLLEKTIV","description":"&lt;p&gt;Madriz es m\u00fasica. Todo el mundo va de aqu\u00ed para all\u00e1 con sus auriculares escupiendo m\u00fasica. Los equipos de sonido de los coches resuenan en cada sem\u00e1foro. De las ventanas de las casas salen canciones que cantan sus vecinos. Es fin de semana y quieres bailar. Subir al cielo por unas horas. HIMMEL KOLLEKTIV se &hellip; &lt;\/p&gt;\\n","image":"https:\/\/www.cafelapalma.com\/wp-content\/uploads\/2022\/09\/HIMMEL-FRONT.jpg","url":"https:\/\/www.cafelapalma.com\/en\/programacion\/himmel-kollektiv\/","eventAttendanceMode":"https:\/\/schema.org\/OfflineEventAttendanceMode","eventStatus":"https:\/\/schema.org\/EventScheduled","startDate":"2022-10-08T23:50:00+02:00","endDate":"2022-10-08T23:55:00+02:00","offers":{"@type":"Offer","price":"9","priceCurrency":"USD","url":"https:\/\/www.cafelapalma.com\/en\/programacion\/himmel-kollektiv\/","category":"primary","availability":"inStock","validFrom":"1970-01-01T00:00:00+00:00"},"performer":"Organization"},"is_virtual":false,"virtual_url":null,"virtual_video_source":""}