{"id":32985,"global_id":"www.cafelapalma.com\/en?id=32985","global_id_lineage":["www.cafelapalma.com\/en?id=32985"],"author":"2","status":"publish","date":"2025-12-30 14:06:05","date_utc":"2025-12-30 13:06:05","modified":"2025-12-30 14:17:46","modified_utc":"2025-12-30 13:17:46","url":"https:\/\/www.cafelapalma.com\/en\/programacion\/dellachaouen-9kizzyy\/","rest_url":"https:\/\/www.cafelapalma.com\/en\/wp-json\/tribe\/events\/v1\/events\/32985","title":"DELLACHAOUEN + 9KIZZYY","description":"<div  class=\"tribe-events-schedule tribe-clearfix\" >\n\t<p class=\"tribe-events-schedule__datetime\">\n\t\t<span class=\"tribe-events-schedule__date tribe-events-schedule__date--start\">\n\t\t\t\t\t<\/span>\n\n\t\t\t\t\t<span class=\"tribe-events-schedule__separator tribe-events-schedule__separator--date\">\n\t\t\t\t@\t\t\t<\/span>\n\t\t\t<span class=\"tribe-events-schedule__time tribe-events-schedule__time--start\">\n\t\t\t\t\t\t\t<\/span>\n\t\t\n\t\t\t<\/p>\n<\/div>\n\n\n<div  class=\"tribe-block tribe-block__event-price\" >\n\t\t\t\t<span class=\"tribe-block__event-price__description\">+ gg Anticipada | 16\u20ac Taquilla<\/span>\n\t<\/div>\n\n\n\n<div style=\"height:100px\" aria-hidden=\"true\" class=\"wp-block-spacer\"><\/div>\n\n\n\n<div class=\"wp-block-columns is-layout-flex wp-container-core-columns-is-layout-9d6595d7 wp-block-columns-is-layout-flex\">\n<div class=\"wp-block-column is-layout-flow wp-block-column-is-layout-flow\" style=\"flex-basis:33.33%\">\n<figure class=\"wp-block-image size-large\"><img loading=\"lazy\" decoding=\"async\" width=\"832\" height=\"1040\" src=\"https:\/\/www.cafelapalma.com\/wp-content\/uploads\/2025\/12\/della_mazo_IG-832x1040.jpg\" alt=\"\" class=\"wp-image-32986\" srcset=\"https:\/\/www.cafelapalma.com\/wp-content\/uploads\/2025\/12\/della_mazo_IG-832x1040.jpg 832w, https:\/\/www.cafelapalma.com\/wp-content\/uploads\/2025\/12\/della_mazo_IG-240x300.jpg 240w, https:\/\/www.cafelapalma.com\/wp-content\/uploads\/2025\/12\/della_mazo_IG-768x960.jpg 768w, https:\/\/www.cafelapalma.com\/wp-content\/uploads\/2025\/12\/della_mazo_IG-1229x1536.jpg 1229w, https:\/\/www.cafelapalma.com\/wp-content\/uploads\/2025\/12\/della_mazo_IG-1639x2048.jpg 1639w, https:\/\/www.cafelapalma.com\/wp-content\/uploads\/2025\/12\/della_mazo_IG-10x12.jpg 10w, https:\/\/www.cafelapalma.com\/wp-content\/uploads\/2025\/12\/della_mazo_IG-48x60.jpg 48w, https:\/\/www.cafelapalma.com\/wp-content\/uploads\/2025\/12\/della_mazo_IG.jpg 1755w\" sizes=\"auto, (max-width: 832px) 100vw, 832px\" \/><\/figure>\n\n\n<\/div>\n\n\n\n<div class=\"wp-block-column is-layout-flow wp-block-column-is-layout-flow\" style=\"flex-basis:66.66%\">\n<div style=\"height:100px\" aria-hidden=\"true\" class=\"wp-block-spacer\"><\/div>\n\n\n\n<p class=\"has-text-align-left\"><strong>DELLACHAOUEN<\/strong>, criado en <strong>Espa\u00f1a <\/strong>y de origen magreb\u00ed, se ha hecho un hueco en la escena en muy poco tiempo. Su proyecto a\u00fana sus influencias de m\u00fasica m\u00e1s tradicional como el flamenco, la m\u00fasica ra\u00ef y las mezcla con g\u00e9neros vanguardistas como el hyperpop, el R\u2019n\u2019B o el trap. Sus canciones, llenas de referencias a la cultura popular, contienen una fuerte carga po\u00e9tica popular al m\u00e1s puro estilo de <strong>Federico Garc\u00eda Lorca<\/strong>. Ha colaborado con otros artistas ya consolidados dentro del panorama, como <strong>Yung Beef<\/strong>, <strong>One Path<\/strong> o <strong>Ben Yart<\/strong>, entre otros.<\/p>\n\n\n\n<p class=\"has-text-align-left\"><strong>9KIZZY\u00a0<\/strong>es un grupo madrile\u00f1o de dos chicas que exploran una gran diversidad de g\u00e9neros en sus canciones, aunque siempre llev\u00e1ndolo al urbano. La variedad en sus sonidos y letras hacen de este proyecto algo original y memorable.<\/p>\n\n\n\n<p class=\"has-text-align-right\"><a href=\"https:\/\/open.spotify.com\/intl-es\/artist\/42KvInQHbbKzmb8rsimvwv\"><em>Escucha a<\/em> <strong>DELLACHAOUEN<\/strong> <em>en <\/em><strong>Spotify<\/strong>.<\/a><br><\/p>\n\n\n\n<p class=\"has-text-align-right\"><a href=\"https:\/\/open.spotify.com\/intl-es\/artist\/6YTc0FEuCm5be5QPT5YwWj?si=uiKReYL-SyGzcy37l76AVg&amp;nd=1&amp;dlsi=4029e16e1765461a\"><em>Escucha a<\/em> <strong>9kizzyy<\/strong> <em>en <\/em><strong>Spotify<\/strong>.<\/a><br><\/p>\n<\/div>\n<\/div>\n\n\n\n<div style=\"height:100px\" aria-hidden=\"true\" class=\"wp-block-spacer\"><\/div>","excerpt":"","slug":"dellachaouen-9kizzyy","image":{"url":"https:\/\/www.cafelapalma.com\/wp-content\/uploads\/2025\/12\/della_mazo_IG.jpg","id":32986,"extension":"jpg","width":1755,"height":2193,"filesize":540124,"sizes":{"medium":{"width":240,"height":300,"mime-type":"image\/jpeg","filesize":17542,"url":"https:\/\/www.cafelapalma.com\/wp-content\/uploads\/2025\/12\/della_mazo_IG-240x300.jpg"},"large":{"width":832,"height":1040,"mime-type":"image\/jpeg","filesize":94023,"url":"https:\/\/www.cafelapalma.com\/wp-content\/uploads\/2025\/12\/della_mazo_IG-832x1040.jpg"},"thumbnail":{"width":150,"height":150,"mime-type":"image\/jpeg","filesize":8135,"url":"https:\/\/www.cafelapalma.com\/wp-content\/uploads\/2025\/12\/della_mazo_IG-150x150.jpg"},"medium_large":{"width":768,"height":960,"mime-type":"image\/jpeg","filesize":85080,"url":"https:\/\/www.cafelapalma.com\/wp-content\/uploads\/2025\/12\/della_mazo_IG-768x960.jpg"},"1536x1536":{"width":1229,"height":1536,"mime-type":"image\/jpeg","filesize":157994,"url":"https:\/\/www.cafelapalma.com\/wp-content\/uploads\/2025\/12\/della_mazo_IG-1229x1536.jpg"},"2048x2048":{"width":1639,"height":2048,"mime-type":"image\/jpeg","filesize":231858,"url":"https:\/\/www.cafelapalma.com\/wp-content\/uploads\/2025\/12\/della_mazo_IG-1639x2048.jpg"},"trp-custom-language-flag":{"width":10,"height":12,"mime-type":"image\/jpeg","filesize":986,"url":"https:\/\/www.cafelapalma.com\/wp-content\/uploads\/2025\/12\/della_mazo_IG-10x12.jpg"},"blossom-feminine-slider":{"width":1755,"height":649,"mime-type":"image\/jpeg","filesize":119304,"url":"https:\/\/www.cafelapalma.com\/wp-content\/uploads\/2025\/12\/della_mazo_IG-1755x649.jpg"},"blossom-feminine-featured":{"width":1410,"height":600,"mime-type":"image\/jpeg","filesize":91092,"url":"https:\/\/www.cafelapalma.com\/wp-content\/uploads\/2025\/12\/della_mazo_IG-1410x600.jpg"},"blossom-feminine-with-sidebar":{"width":1020,"height":600,"mime-type":"image\/jpeg","filesize":70839,"url":"https:\/\/www.cafelapalma.com\/wp-content\/uploads\/2025\/12\/della_mazo_IG-1020x600.jpg"},"blossom-feminine-blog":{"width":435,"height":435,"mime-type":"image\/jpeg","filesize":33702,"url":"https:\/\/www.cafelapalma.com\/wp-content\/uploads\/2025\/12\/della_mazo_IG-435x435.jpg"},"blossom-feminine-cat":{"width":450,"height":300,"mime-type":"image\/jpeg","filesize":24150,"url":"https:\/\/www.cafelapalma.com\/wp-content\/uploads\/2025\/12\/della_mazo_IG-450x300.jpg"},"blossom-feminine-related":{"width":320,"height":200,"mime-type":"image\/jpeg","filesize":14063,"url":"https:\/\/www.cafelapalma.com\/wp-content\/uploads\/2025\/12\/della_mazo_IG-320x200.jpg"},"blossom-feminine-schema":{"width":48,"height":60,"mime-type":"image\/jpeg","filesize":2302,"url":"https:\/\/www.cafelapalma.com\/wp-content\/uploads\/2025\/12\/della_mazo_IG-48x60.jpg"}}},"all_day":false,"start_date":"2026-02-21 21:30:00","start_date_details":{"year":"2026","month":"02","day":"21","hour":"21","minutes":"30","seconds":"00"},"end_date":"2026-02-21 23:45:00","end_date_details":{"year":"2026","month":"02","day":"21","hour":"23","minutes":"45","seconds":"00"},"utc_start_date":"2026-02-21 20:30:00","utc_start_date_details":{"year":"2026","month":"02","day":"21","hour":"20","minutes":"30","seconds":"00"},"utc_end_date":"2026-02-21 22:45:00","utc_end_date_details":{"year":"2026","month":"02","day":"21","hour":"22","minutes":"45","seconds":"00"},"timezone":"Europe\/Madrid","timezone_abbr":"","cost":"13\u20ac","cost_details":{"currency_symbol":"\u20ac","currency_code":"USD","currency_position":"suffix","values":["13"]},"website":"https:\/\/dice.fm\/event\/avel97-dellachaouen-9kizzyy-en-mazo-21st-feb-caf-la-palma-madrid-tickets","show_map":false,"show_map_link":false,"hide_from_listings":false,"sticky":true,"featured":true,"categories":[{"name":"Concierto","slug":"concierto","term_group":0,"term_taxonomy_id":8963,"taxonomy":"tribe_events_cat","description":"","parent":0,"count":957,"filter":"raw","id":8963,"urls":{"self":"https:\/\/www.cafelapalma.com\/en\/wp-json\/tribe\/events\/v1\/categories\/8963","collection":"https:\/\/www.cafelapalma.com\/en\/wp-json\/tribe\/events\/v1\/categories"}}],"tags":[{"name":"9kizzyy","slug":"9kizzyy","term_group":0,"term_taxonomy_id":18219,"taxonomy":"post_tag","description":"","parent":0,"count":1,"filter":"raw","id":18220,"urls":{"self":"https:\/\/www.cafelapalma.com\/en\/wp-json\/tribe\/events\/v1\/tags\/18220","collection":"https:\/\/www.cafelapalma.com\/en\/wp-json\/tribe\/events\/v1\/tags"}},{"name":"ben Yart","slug":"ben-yart","term_group":0,"term_taxonomy_id":10330,"taxonomy":"post_tag","description":"","parent":0,"count":4,"filter":"raw","id":10330,"urls":{"self":"https:\/\/www.cafelapalma.com\/en\/wp-json\/tribe\/events\/v1\/tags\/10330","collection":"https:\/\/www.cafelapalma.com\/en\/wp-json\/tribe\/events\/v1\/tags"}},{"name":"Caf\u00e9 la Palma","slug":"cafe-la-palma","term_group":0,"term_taxonomy_id":79,"taxonomy":"post_tag","description":"","parent":0,"count":1499,"filter":"raw","id":1363,"urls":{"self":"https:\/\/www.cafelapalma.com\/en\/wp-json\/tribe\/events\/v1\/tags\/1363","collection":"https:\/\/www.cafelapalma.com\/en\/wp-json\/tribe\/events\/v1\/tags"}},{"name":"Conciertos Cafe La Palma","slug":"conciertos-cafe-la-palma","term_group":0,"term_taxonomy_id":2865,"taxonomy":"post_tag","description":"","parent":0,"count":1013,"filter":"raw","id":2865,"urls":{"self":"https:\/\/www.cafelapalma.com\/en\/wp-json\/tribe\/events\/v1\/tags\/2865","collection":"https:\/\/www.cafelapalma.com\/en\/wp-json\/tribe\/events\/v1\/tags"}},{"name":"Conciertos Madrid","slug":"conciertos-madrid","term_group":0,"term_taxonomy_id":9147,"taxonomy":"post_tag","description":"","parent":0,"count":971,"filter":"raw","id":9147,"urls":{"self":"https:\/\/www.cafelapalma.com\/en\/wp-json\/tribe\/events\/v1\/tags\/9147","collection":"https:\/\/www.cafelapalma.com\/en\/wp-json\/tribe\/events\/v1\/tags"}},{"name":"Conciertos Malasa\u00f1a","slug":"conciertos-malasana","term_group":0,"term_taxonomy_id":9146,"taxonomy":"post_tag","description":"","parent":0,"count":1033,"filter":"raw","id":9146,"urls":{"self":"https:\/\/www.cafelapalma.com\/en\/wp-json\/tribe\/events\/v1\/tags\/9146","collection":"https:\/\/www.cafelapalma.com\/en\/wp-json\/tribe\/events\/v1\/tags"}},{"name":"Dellachaouen","slug":"dellachaouen","term_group":0,"term_taxonomy_id":14308,"taxonomy":"post_tag","description":"","parent":0,"count":2,"filter":"raw","id":14308,"urls":{"self":"https:\/\/www.cafelapalma.com\/en\/wp-json\/tribe\/events\/v1\/tags\/14308","collection":"https:\/\/www.cafelapalma.com\/en\/wp-json\/tribe\/events\/v1\/tags"}},{"name":"hyperpop","slug":"hyperpop","term_group":0,"term_taxonomy_id":9746,"taxonomy":"post_tag","description":"","parent":0,"count":40,"filter":"raw","id":9746,"urls":{"self":"https:\/\/www.cafelapalma.com\/en\/wp-json\/tribe\/events\/v1\/tags\/9746","collection":"https:\/\/www.cafelapalma.com\/en\/wp-json\/tribe\/events\/v1\/tags"}},{"name":"One Path","slug":"one-path","term_group":0,"term_taxonomy_id":14312,"taxonomy":"post_tag","description":"","parent":0,"count":2,"filter":"raw","id":14312,"urls":{"self":"https:\/\/www.cafelapalma.com\/en\/wp-json\/tribe\/events\/v1\/tags\/14312","collection":"https:\/\/www.cafelapalma.com\/en\/wp-json\/tribe\/events\/v1\/tags"}},{"name":"R&#039;n&#039;B","slug":"rnb","term_group":0,"term_taxonomy_id":9630,"taxonomy":"post_tag","description":"","parent":0,"count":17,"filter":"raw","id":9630,"urls":{"self":"https:\/\/www.cafelapalma.com\/en\/wp-json\/tribe\/events\/v1\/tags\/9630","collection":"https:\/\/www.cafelapalma.com\/en\/wp-json\/tribe\/events\/v1\/tags"}},{"name":"trap","slug":"trap","term_group":0,"term_taxonomy_id":2397,"taxonomy":"post_tag","description":"","parent":0,"count":96,"filter":"raw","id":2397,"urls":{"self":"https:\/\/www.cafelapalma.com\/en\/wp-json\/tribe\/events\/v1\/tags\/2397","collection":"https:\/\/www.cafelapalma.com\/en\/wp-json\/tribe\/events\/v1\/tags"}},{"name":"Urbano","slug":"urbano","term_group":0,"term_taxonomy_id":15531,"taxonomy":"post_tag","description":"","parent":0,"count":16,"filter":"raw","id":15531,"urls":{"self":"https:\/\/www.cafelapalma.com\/en\/wp-json\/tribe\/events\/v1\/tags\/15531","collection":"https:\/\/www.cafelapalma.com\/en\/wp-json\/tribe\/events\/v1\/tags"}},{"name":"Yung Beef","slug":"yung-beef","term_group":0,"term_taxonomy_id":10555,"taxonomy":"post_tag","description":"","parent":0,"count":5,"filter":"raw","id":10555,"urls":{"self":"https:\/\/www.cafelapalma.com\/en\/wp-json\/tribe\/events\/v1\/tags\/10555","collection":"https:\/\/www.cafelapalma.com\/en\/wp-json\/tribe\/events\/v1\/tags"}}],"venue":[],"organizer":[],"custom_fields":[],"json_ld":{"@context":"http:\/\/schema.org","@type":"Event","name":"DELLACHAOUEN + 9KIZZYY","description":"&lt;p&gt;DELLACHAOUEN, criado en Espa\u00f1a y de origen magreb\u00ed, se ha hecho un hueco en la escena en muy poco tiempo. Su proyecto a\u00fana sus influencias de m\u00fasica m\u00e1s tradicional como el flamenco, la m\u00fasica ra\u00ef y las mezcla con g\u00e9neros vanguardistas como el hyperpop, el R\u2019n\u2019B o el trap. Sus canciones, llenas de referencias a &hellip; &lt;\/p&gt;\\n","image":"https:\/\/www.cafelapalma.com\/wp-content\/uploads\/2025\/12\/della_mazo_IG.jpg","url":"https:\/\/www.cafelapalma.com\/en\/programacion\/dellachaouen-9kizzyy\/","eventAttendanceMode":"https:\/\/schema.org\/OfflineEventAttendanceMode","eventStatus":"https:\/\/schema.org\/EventScheduled","startDate":"2026-02-21T21:30:00+01:00","endDate":"2026-02-21T23:45:00+01:00","offers":{"@type":"Offer","price":"13","priceCurrency":"USD","url":"https:\/\/www.cafelapalma.com\/en\/programacion\/dellachaouen-9kizzyy\/","category":"primary","availability":"inStock","validFrom":"1970-01-01T00:00:00+00:00"},"performer":"Organization"},"is_virtual":false,"virtual_url":null,"virtual_video_source":""}